{"id":6379,"date":"2023-03-29T09:09:53","date_gmt":"2023-03-29T09:09:53","guid":{"rendered":"https:\/\/www.rabitaagrotextil.com\/que-planter-dans-le-potager-en-fevrier\/"},"modified":"2023-03-29T09:09:53","modified_gmt":"2023-03-29T09:09:53","slug":"que-planter-dans-le-potager-en-fevrier","status":"publish","type":"post","link":"https:\/\/www.rabitaagrotextil.com\/fr\/que-planter-dans-le-potager-en-fevrier\/","title":{"rendered":"Que planter dans le potager en f\u00e9vrier ?"},"content":{"rendered":"<p>Conna\u00eetre le calendrier des semis et des plantations est essentiel si vous voulez que votre jardin soit rempli de l\u00e9gumes et de fruits de la meilleure qualit\u00e9. C&rsquo;est pourquoi nous allons vous parler aujourd&rsquo;hui de l&rsquo;ensemencement des l\u00e9gumes de saison en f\u00e9vrier, ainsi que de l&rsquo;entretien du potager et d&rsquo;autres t\u00e2ches pertinentes.<\/p>\n<p>&nbsp;<\/p>\n<p>&nbsp;<\/p>\n<h1>Que planter en f\u00e9vrier ?<\/h1>\n<p>&nbsp;<\/p>\n<p>&nbsp;<\/p>\n<table>\n<tbody>\n<tr>\n<td width=\"142\">Plantation en ext\u00e9rieur<\/td>\n<td width=\"142\">Semis de graines<\/td>\n<td width=\"142\">Semis dans un lit de semence int\u00e9rieur<\/td>\n<td width=\"142\">Transplantations<\/td>\n<\/tr>\n<tr>\n<td width=\"142\">Radis<\/td>\n<td width=\"142\">Haricots<\/td>\n<td width=\"142\">Tomates<\/td>\n<td width=\"142\">Laitue<\/td>\n<\/tr>\n<tr>\n<td width=\"142\">Ail<\/td>\n<td width=\"142\">Laitue<\/td>\n<td width=\"142\">Poivrons<\/td>\n<td width=\"142\">La roquette<\/td>\n<\/tr>\n<tr>\n<td width=\"142\">Carottes<\/td>\n<td width=\"142\">Poireaux<\/td>\n<td width=\"142\">Aubergines<\/td>\n<td width=\"142\">Bette \u00e0 carde<\/td>\n<\/tr>\n<tr>\n<td width=\"142\">Betterave<\/td>\n<td width=\"142\">Bette \u00e0 carde<\/td>\n<td width=\"142\">Courgettes<\/td>\n<td width=\"142\">Canon<\/td>\n<\/tr>\n<tr>\n<td width=\"142\">F\u00e8ves<\/td>\n<td width=\"142\">La roquette<\/td>\n<td width=\"142\">&nbsp;<\/td>\n<td width=\"142\">&nbsp;<\/td>\n<\/tr>\n<\/tbody>\n<\/table>\n<p>&nbsp;<\/p>\n<h1>T\u00e2ches pour le potager en f\u00e9vrier<\/h1>\n<h2><\/h2>\n<h2>Prot\u00e9gez votre jardin du froid<\/h2>\n<p>Bien que les cultures d&rsquo;hiver, telles que les f\u00e8ves, soient r\u00e9sistantes aux basses temp\u00e9ratures, lorsque la <a href=\"https:\/\/www.rabitaagrotextil.com\/agricultura\/#m1\">temp\u00e9rature descend<\/a> en dessous du point de cong\u00e9lation, les choses peuvent se g\u00e2ter. Un seul jour de gel peut ruiner votre r\u00e9colte. Il suffit d&rsquo;un peu de pr\u00e9vention, de surveiller les pr\u00e9visions m\u00e9t\u00e9orologiques et de mettre en pratique quelques techniques simples qui permettront \u00e0 votre potager de r\u00e9sister aux derni\u00e8res vagues de froid de cette ann\u00e9e.<\/p>\n<p>&nbsp;<\/p>\n<h3>  Quelques m\u00e9thodes pour prot\u00e9ger le verger du gel.<\/h3>\n<p>&nbsp;<\/p>\n<ul>\n<li>Couvrir les plantes avec des couvertures thermiques ou des serres en accord\u00e9on.<\/li>\n<li>Placez les pots \u00e0 l&rsquo;int\u00e9rieur ou dans une serre.<\/li>\n<li>Couvrir les pots avec du papier bulle.<\/li>\n<\/ul>\n<p>&nbsp;<\/p>\n<h2>  Semis dans des lits de semences<\/h2>\n<p>Vous pouvez commencer \u00e0 semer les cultures de printemps en les semant \u00e0 l&rsquo;int\u00e9rieur ou dans une serre chauff\u00e9e. Ces cultures ont besoin d&rsquo;une temp\u00e9rature du sol d&rsquo;environ 20\u00b0C, bien que la temp\u00e9rature optimale soit de 25\u00b0C. Si vous commencez \u00e0 semer maintenant, vous pourrez repiquer en mars et obtenir une r\u00e9colte plus pr\u00e9coce. Vous pouvez ensuite semer \u00e0 nouveau en mars ou en avril, de sorte que la saison estivale soit beaucoup plus longue et que vous puissiez profiter plus longtemps de cultures telles que les tomates, les poivrons, les aubergines et les courgettes.<\/p>\n<p>&nbsp;<\/p>\n<h2>Prot\u00e8ge les greffons<\/h2>\n<p>&nbsp;<\/p>\n<p>Si nous avons commenc\u00e9 \u00e0 semer en janvier, nous sommes s\u00fbrs d&rsquo;avoir des plantes \u00e0 transplanter. Voici quelques conseils pour \u00e9viter que le froid ne tue les d\u00e9licates jeunes pousses :<\/p>\n<ul>\n<li>S&rsquo;il s&rsquo;agit de tomates ou d&rsquo;autres cultures d\u00e9licates, il n&rsquo;est pas conseill\u00e9 de les transplanter \u00e0 l&rsquo;ext\u00e9rieur pour l&rsquo;instant. Si elles sont devenues trop grandes pour leurs semis, transplantez-les dans un pot interm\u00e9diaire que vous pourrez garder \u00e0 l&rsquo;int\u00e9rieur pendant un certain temps. Une fois le gel pass\u00e9, nous pouvons les placer \u00e0 leur emplacement d\u00e9finitif.<\/li>\n<li>Pour le repiquage en terre &#8211; si vous avez sem\u00e9 des plants d&rsquo;oignon ou de laitue, par exemple &#8211; l&rsquo;id\u00e9al est de pr\u00e9parer un peu le sol en appliquant un paillis naturel, comme du compost, ou un paillis en plastique fonc\u00e9. Le facteur couleur est important, car les teintes fonc\u00e9es absorbent mieux le rayonnement solaire et gardent le sol plus chaud. Une serre accord\u00e9on ou des serres fabriqu\u00e9es \u00e0 partir de bouteilles en plastique peuvent \u00eatre d&rsquo;une grande aide pour ces jeunes cultures.<\/li>\n<\/ul>\n<p>&nbsp;<\/p>\n<h2>  Prot\u00e8ge du soleil<\/h2>\n<p>&nbsp;<\/p>\n<p>Dans le cas de plantes telles que les tomates ou d&rsquo;autres cultures similaires, qui sont tr\u00e8s sensibles aux effets du soleil, il est recommand\u00e9, \u00e0 partir du mois de juin, de prot\u00e9ger ces cultures du soleil \u00e0 l&rsquo;aide de <a href=\"https:\/\/www.rabitaagrotextil.com\/agricultura\/#m7\">filets d&rsquo;ombrage<\/a>, ce qui permet d&rsquo;\u00e9viter le stress thermique des cultures.<\/p>\n","protected":false},"excerpt":{"rendered":"<p>Conna\u00eetre le calendrier des semis et des plantations est essentiel si vous voulez que votre jardin soit rempli de l\u00e9gumes et de fruits de la meilleure qualit\u00e9. C&rsquo;est pourquoi nous allons vous parler aujourd&rsquo;hui de l&rsquo;ensemencement des l\u00e9gumes de saison en f\u00e9vrier, ainsi que de l&rsquo;entretien du potager et d&rsquo;autres t\u00e2ches pertinentes. &nbsp; &nbsp; Que [&hellip;]<\/p>\n","protected":false},"author":1,"featured_media":6347,"comment_status":"open","ping_status":"open","sticky":false,"template":"","format":"standard","meta":{"_et_pb_use_builder":"","_et_pb_old_content":"","_et_gb_content_width":"","_monsterinsights_skip_tracking":false,"_monsterinsights_sitenote_active":false,"_monsterinsights_sitenote_note":"","_monsterinsights_sitenote_category":0,"footnotes":""},"categories":[64],"tags":[],"class_list":["post-6379","post","type-post","status-publish","format-standard","has-post-thumbnail","hentry","category-articles-techniques"],"yoast_head":"<!-- This site is optimized with the Yoast SEO plugin v26.1.1 - https:\/\/yoast.com\/wordpress\/plugins\/seo\/ -->\n<title>Que planter dans le potager en f\u00e9vrier ? - R\u00e1bita Agrotextil<\/title>\n<meta name=\"description\" content=\"Especialistas en mallas para la agricultura\" \/>\n<meta name=\"robots\" content=\"index, follow, max-snippet:-1, max-image-preview:large, max-video-preview:-1\" \/>\n<link rel=\"canonical\" href=\"https:\/\/www.rabitaagrotextil.com\/fr\/que-planter-dans-le-potager-en-fevrier\/\" \/>\n<meta property=\"og:locale\" content=\"fr_FR\" \/>\n<meta property=\"og:type\" content=\"article\" \/>\n<meta property=\"og:title\" content=\"Que planter dans le potager en f\u00e9vrier ? - R\u00e1bita Agrotextil\" \/>\n<meta property=\"og:description\" content=\"Especialistas en mallas para la agricultura\" \/>\n<meta property=\"og:url\" content=\"https:\/\/www.rabitaagrotextil.com\/fr\/que-planter-dans-le-potager-en-fevrier\/\" \/>\n<meta property=\"og:site_name\" content=\"R\u00e1bita Agrotextil\" \/>\n<meta property=\"article:publisher\" content=\"https:\/\/www.facebook.com\/rabitaagrotextil\/\" \/>\n<meta property=\"article:published_time\" content=\"2023-03-29T09:09:53+00:00\" \/>\n<meta property=\"og:image\" content=\"https:\/\/www.rabitaagrotextil.com\/wp-content\/uploads\/2023\/02\/24022023b.png\" \/>\n\t<meta property=\"og:image:width\" content=\"1081\" \/>\n\t<meta property=\"og:image:height\" content=\"301\" \/>\n\t<meta property=\"og:image:type\" content=\"image\/png\" \/>\n<meta name=\"author\" content=\"jesus\" \/>\n<meta name=\"twitter:card\" content=\"summary_large_image\" \/>\n<meta name=\"twitter:label1\" content=\"\u00c9crit par\" \/>\n\t<meta name=\"twitter:data1\" content=\"jesus\" \/>\n\t<meta name=\"twitter:label2\" content=\"Dur\u00e9e de lecture estim\u00e9e\" \/>\n\t<meta name=\"twitter:data2\" content=\"3 minutes\" \/>\n<script type=\"application\/ld+json\" class=\"yoast-schema-graph\">{\"@context\":\"https:\/\/schema.org\",\"@graph\":[{\"@type\":\"WebPage\",\"@id\":\"https:\/\/www.rabitaagrotextil.com\/fr\/que-planter-dans-le-potager-en-fevrier\/\",\"url\":\"https:\/\/www.rabitaagrotextil.com\/fr\/que-planter-dans-le-potager-en-fevrier\/\",\"name\":\"Que planter dans le potager en f\u00e9vrier ? - R\u00e1bita Agrotextil\",\"isPartOf\":{\"@id\":\"https:\/\/www.rabitaagrotextil.com\/#website\"},\"primaryImageOfPage\":{\"@id\":\"https:\/\/www.rabitaagrotextil.com\/fr\/que-planter-dans-le-potager-en-fevrier\/#primaryimage\"},\"image\":{\"@id\":\"https:\/\/www.rabitaagrotextil.com\/fr\/que-planter-dans-le-potager-en-fevrier\/#primaryimage\"},\"thumbnailUrl\":\"https:\/\/www.rabitaagrotextil.com\/wp-content\/uploads\/2023\/02\/24022023b.png\",\"datePublished\":\"2023-03-29T09:09:53+00:00\",\"author\":{\"@id\":\"https:\/\/www.rabitaagrotextil.com\/#\/schema\/person\/14c802c82af62507a10ca61ed9a206c1\"},\"description\":\"Especialistas en mallas para la agricultura\",\"breadcrumb\":{\"@id\":\"https:\/\/www.rabitaagrotextil.com\/fr\/que-planter-dans-le-potager-en-fevrier\/#breadcrumb\"},\"inLanguage\":\"fr-FR\",\"potentialAction\":[{\"@type\":\"ReadAction\",\"target\":[\"https:\/\/www.rabitaagrotextil.com\/fr\/que-planter-dans-le-potager-en-fevrier\/\"]}]},{\"@type\":\"ImageObject\",\"inLanguage\":\"fr-FR\",\"@id\":\"https:\/\/www.rabitaagrotextil.com\/fr\/que-planter-dans-le-potager-en-fevrier\/#primaryimage\",\"url\":\"https:\/\/www.rabitaagrotextil.com\/wp-content\/uploads\/2023\/02\/24022023b.png\",\"contentUrl\":\"https:\/\/www.rabitaagrotextil.com\/wp-content\/uploads\/2023\/02\/24022023b.png\",\"width\":1081,\"height\":301},{\"@type\":\"BreadcrumbList\",\"@id\":\"https:\/\/www.rabitaagrotextil.com\/fr\/que-planter-dans-le-potager-en-fevrier\/#breadcrumb\",\"itemListElement\":[{\"@type\":\"ListItem\",\"position\":1,\"name\":\"Portada\",\"item\":\"https:\/\/www.rabitaagrotextil.com\/fr\/inicio\/\"},{\"@type\":\"ListItem\",\"position\":2,\"name\":\"Que planter dans le potager en f\u00e9vrier ?\"}]},{\"@type\":\"WebSite\",\"@id\":\"https:\/\/www.rabitaagrotextil.com\/#website\",\"url\":\"https:\/\/www.rabitaagrotextil.com\/\",\"name\":\"R\u00e1bita Agrotextil\",\"description\":\"Mallas Agricultura\",\"potentialAction\":[{\"@type\":\"SearchAction\",\"target\":{\"@type\":\"EntryPoint\",\"urlTemplate\":\"https:\/\/www.rabitaagrotextil.com\/?s={search_term_string}\"},\"query-input\":{\"@type\":\"PropertyValueSpecification\",\"valueRequired\":true,\"valueName\":\"search_term_string\"}}],\"inLanguage\":\"fr-FR\"},{\"@type\":\"Person\",\"@id\":\"https:\/\/www.rabitaagrotextil.com\/#\/schema\/person\/14c802c82af62507a10ca61ed9a206c1\",\"name\":\"jesus\",\"image\":{\"@type\":\"ImageObject\",\"inLanguage\":\"fr-FR\",\"@id\":\"https:\/\/www.rabitaagrotextil.com\/#\/schema\/person\/image\/\",\"url\":\"https:\/\/secure.gravatar.com\/avatar\/c8c80fe37ba0df413d4719349ba8f083977e3ed62deb8cfcc54f2b2f094f3b80?s=96&d=mm&r=g\",\"contentUrl\":\"https:\/\/secure.gravatar.com\/avatar\/c8c80fe37ba0df413d4719349ba8f083977e3ed62deb8cfcc54f2b2f094f3b80?s=96&d=mm&r=g\",\"caption\":\"jesus\"}}]}<\/script>\n<!-- \/ Yoast SEO plugin. -->","yoast_head_json":{"title":"Que planter dans le potager en f\u00e9vrier ? - R\u00e1bita Agrotextil","description":"Especialistas en mallas para la agricultura","robots":{"index":"index","follow":"follow","max-snippet":"max-snippet:-1","max-image-preview":"max-image-preview:large","max-video-preview":"max-video-preview:-1"},"canonical":"https:\/\/www.rabitaagrotextil.com\/fr\/que-planter-dans-le-potager-en-fevrier\/","og_locale":"fr_FR","og_type":"article","og_title":"Que planter dans le potager en f\u00e9vrier ? - R\u00e1bita Agrotextil","og_description":"Especialistas en mallas para la agricultura","og_url":"https:\/\/www.rabitaagrotextil.com\/fr\/que-planter-dans-le-potager-en-fevrier\/","og_site_name":"R\u00e1bita Agrotextil","article_publisher":"https:\/\/www.facebook.com\/rabitaagrotextil\/","article_published_time":"2023-03-29T09:09:53+00:00","og_image":[{"width":1081,"height":301,"url":"https:\/\/www.rabitaagrotextil.com\/wp-content\/uploads\/2023\/02\/24022023b.png","type":"image\/png"}],"author":"jesus","twitter_card":"summary_large_image","twitter_misc":{"\u00c9crit par":"jesus","Dur\u00e9e de lecture estim\u00e9e":"3 minutes"},"schema":{"@context":"https:\/\/schema.org","@graph":[{"@type":"WebPage","@id":"https:\/\/www.rabitaagrotextil.com\/fr\/que-planter-dans-le-potager-en-fevrier\/","url":"https:\/\/www.rabitaagrotextil.com\/fr\/que-planter-dans-le-potager-en-fevrier\/","name":"Que planter dans le potager en f\u00e9vrier ? - R\u00e1bita Agrotextil","isPartOf":{"@id":"https:\/\/www.rabitaagrotextil.com\/#website"},"primaryImageOfPage":{"@id":"https:\/\/www.rabitaagrotextil.com\/fr\/que-planter-dans-le-potager-en-fevrier\/#primaryimage"},"image":{"@id":"https:\/\/www.rabitaagrotextil.com\/fr\/que-planter-dans-le-potager-en-fevrier\/#primaryimage"},"thumbnailUrl":"https:\/\/www.rabitaagrotextil.com\/wp-content\/uploads\/2023\/02\/24022023b.png","datePublished":"2023-03-29T09:09:53+00:00","author":{"@id":"https:\/\/www.rabitaagrotextil.com\/#\/schema\/person\/14c802c82af62507a10ca61ed9a206c1"},"description":"Especialistas en mallas para la agricultura","breadcrumb":{"@id":"https:\/\/www.rabitaagrotextil.com\/fr\/que-planter-dans-le-potager-en-fevrier\/#breadcrumb"},"inLanguage":"fr-FR","potentialAction":[{"@type":"ReadAction","target":["https:\/\/www.rabitaagrotextil.com\/fr\/que-planter-dans-le-potager-en-fevrier\/"]}]},{"@type":"ImageObject","inLanguage":"fr-FR","@id":"https:\/\/www.rabitaagrotextil.com\/fr\/que-planter-dans-le-potager-en-fevrier\/#primaryimage","url":"https:\/\/www.rabitaagrotextil.com\/wp-content\/uploads\/2023\/02\/24022023b.png","contentUrl":"https:\/\/www.rabitaagrotextil.com\/wp-content\/uploads\/2023\/02\/24022023b.png","width":1081,"height":301},{"@type":"BreadcrumbList","@id":"https:\/\/www.rabitaagrotextil.com\/fr\/que-planter-dans-le-potager-en-fevrier\/#breadcrumb","itemListElement":[{"@type":"ListItem","position":1,"name":"Portada","item":"https:\/\/www.rabitaagrotextil.com\/fr\/inicio\/"},{"@type":"ListItem","position":2,"name":"Que planter dans le potager en f\u00e9vrier ?"}]},{"@type":"WebSite","@id":"https:\/\/www.rabitaagrotextil.com\/#website","url":"https:\/\/www.rabitaagrotextil.com\/","name":"R\u00e1bita Agrotextil","description":"Mallas Agricultura","potentialAction":[{"@type":"SearchAction","target":{"@type":"EntryPoint","urlTemplate":"https:\/\/www.rabitaagrotextil.com\/?s={search_term_string}"},"query-input":{"@type":"PropertyValueSpecification","valueRequired":true,"valueName":"search_term_string"}}],"inLanguage":"fr-FR"},{"@type":"Person","@id":"https:\/\/www.rabitaagrotextil.com\/#\/schema\/person\/14c802c82af62507a10ca61ed9a206c1","name":"jesus","image":{"@type":"ImageObject","inLanguage":"fr-FR","@id":"https:\/\/www.rabitaagrotextil.com\/#\/schema\/person\/image\/","url":"https:\/\/secure.gravatar.com\/avatar\/c8c80fe37ba0df413d4719349ba8f083977e3ed62deb8cfcc54f2b2f094f3b80?s=96&d=mm&r=g","contentUrl":"https:\/\/secure.gravatar.com\/avatar\/c8c80fe37ba0df413d4719349ba8f083977e3ed62deb8cfcc54f2b2f094f3b80?s=96&d=mm&r=g","caption":"jesus"}}]}},"_links":{"self":[{"href":"https:\/\/www.rabitaagrotextil.com\/fr\/wp-json\/wp\/v2\/posts\/6379","targetHints":{"allow":["GET"]}}],"collection":[{"href":"https:\/\/www.rabitaagrotextil.com\/fr\/wp-json\/wp\/v2\/posts"}],"about":[{"href":"https:\/\/www.rabitaagrotextil.com\/fr\/wp-json\/wp\/v2\/types\/post"}],"author":[{"embeddable":true,"href":"https:\/\/www.rabitaagrotextil.com\/fr\/wp-json\/wp\/v2\/users\/1"}],"replies":[{"embeddable":true,"href":"https:\/\/www.rabitaagrotextil.com\/fr\/wp-json\/wp\/v2\/comments?post=6379"}],"version-history":[{"count":0,"href":"https:\/\/www.rabitaagrotextil.com\/fr\/wp-json\/wp\/v2\/posts\/6379\/revisions"}],"wp:featuredmedia":[{"embeddable":true,"href":"https:\/\/www.rabitaagrotextil.com\/fr\/wp-json\/wp\/v2\/media\/6347"}],"wp:attachment":[{"href":"https:\/\/www.rabitaagrotextil.com\/fr\/wp-json\/wp\/v2\/media?parent=6379"}],"wp:term":[{"taxonomy":"category","embeddable":true,"href":"https:\/\/www.rabitaagrotextil.com\/fr\/wp-json\/wp\/v2\/categories?post=6379"},{"taxonomy":"post_tag","embeddable":true,"href":"https:\/\/www.rabitaagrotextil.com\/fr\/wp-json\/wp\/v2\/tags?post=6379"}],"curies":[{"name":"wp","href":"https:\/\/api.w.org\/{rel}","templated":true}]}}