{"id":6382,"date":"2023-03-29T09:09:53","date_gmt":"2023-03-29T09:09:53","guid":{"rendered":"https:\/\/www.rabitaagrotextil.com\/comment-planter-un-potager-a-la-maison-en-automne\/"},"modified":"2023-03-29T09:09:53","modified_gmt":"2023-03-29T09:09:53","slug":"comment-planter-un-potager-a-la-maison-en-automne","status":"publish","type":"post","link":"https:\/\/www.rabitaagrotextil.com\/fr\/comment-planter-un-potager-a-la-maison-en-automne\/","title":{"rendered":"Comment planter un potager \u00e0 la maison en automne ?"},"content":{"rendered":"<p><span style=\"font-weight: 400;\">On sait depuis toujours que les aliments non transform\u00e9s et provenant directement du champ sont beaucoup plus sains pour nous que les aliments contenant des produits chimiques et fabriqu\u00e9s on ne sait o\u00f9. Mais depuis que la durabilit\u00e9 est devenue une tendance et que des termes tels que l&rsquo;alimentation KM0 ou l&rsquo;alimentation de proximit\u00e9 sont connus, on assiste \u00e9galement \u00e0 une explosion du nombre de jardins potagers \u00e0 la maison.<\/span><\/p>\n<p><span style=\"font-weight: 400;\">Un jardin potager vous permet de cultiver les l\u00e9gumes que vous voulez manger et de contr\u00f4ler chaque \u00e9tape du processus afin que la r\u00e9colte soit aussi saine et biologique que possible. L&rsquo;automne approchant, nous allons voir comment faire un potager dans l&rsquo;espace limit\u00e9 de nos maisons ou appartements, en tenant compte de la baisse imminente des temp\u00e9ratures.<\/span><\/p>\n<h2><b>Comment d\u00e9marrer un jardin familial<\/b><\/h2>\n<p><span style=\"font-weight: 400;\">Pour mener \u00e0 bien le projet d&rsquo;installation d&rsquo;un potager chez soi, il faut d&rsquo;abord prendre en compte plusieurs aspects importants :<\/span><\/p>\n<ol>\n<li style=\"font-weight: 400;\" aria-level=\"1\"><span style=\"font-weight: 400;\">Vous devez trouver un endroit ensoleill\u00e9 dans votre jardin, sur votre balcon ou sur votre terrasse. La lumi\u00e8re naturelle est d&rsquo;une importance capitale pour la r\u00e9ussite d&rsquo;un jardin d&rsquo;int\u00e9rieur.<\/span><\/li>\n<li style=\"font-weight: 400;\" aria-level=\"1\"><span style=\"font-weight: 400;\">Le sol du jardin doit \u00eatre dot\u00e9 d&rsquo;un bon syst\u00e8me de drainage. En fonction de la qualit\u00e9 du sol, il peut \u00eatre n\u00e9cessaire d&rsquo;installer un bac sous le sol.<\/span><\/li>\n<li style=\"font-weight: 400;\" aria-level=\"1\"><span style=\"font-weight: 400;\">Tenez compte de l&rsquo;espace dont vous disposez chez vous et examinez s&rsquo;il est pr\u00e9f\u00e9rable d&rsquo;installer un jardin horizontal (des pots ou une commode le long du sol) ou un jardin vertical (accroch\u00e9 au mur).<\/span><\/li>\n<\/ol>\n<h3><b>Mat\u00e9riel n\u00e9cessaire pour le jardin familial<\/b><\/h3>\n<p><span style=\"font-weight: 400;\">Apr\u00e8s avoir r\u00e9fl\u00e9chi aux points ci-dessus, il est temps de chercher les mat\u00e9riaux pour se mettre au travail :<\/span><\/p>\n<ul>\n<li style=\"font-weight: 400;\" aria-level=\"1\"><span style=\"font-weight: 400;\">La base du jardin familial peut \u00eatre une caisse, des palettes en bois, des tables de culture sp\u00e9cialis\u00e9es, ou vous pouvez avoir des pots s\u00e9par\u00e9s pour chaque aliment.<\/span><\/li>\n<li style=\"font-weight: 400;\" aria-level=\"1\"><span style=\"font-weight: 400;\">Remplissez le pot avec de la terre \u00e0 forte teneur en sable ou en argile, m\u00e9lang\u00e9e \u00e0 du substrat.  <\/span><\/li>\n<li style=\"font-weight: 400;\" aria-level=\"1\"><span style=\"font-weight: 400;\">Placez les graines ou les boutures des l\u00e9gumes que vous souhaitez cultiver dans le sol.<\/span><\/li>\n<li style=\"font-weight: 400;\" aria-level=\"1\"><span style=\"font-weight: 400;\">Utilisez des insecticides ou des pesticides naturels.<\/span><\/li>\n<li style=\"font-weight: 400;\" aria-level=\"1\"><span style=\"font-weight: 400;\">R\u00e1bita recommande l&rsquo;utilisation d&rsquo;un filet sp\u00e9cifique pour l&rsquo;agriculture afin de contr\u00f4ler les caract\u00e9ristiques de l&rsquo;environnement. Sachant qu&rsquo;il s&rsquo;agit d&rsquo;un verger d&rsquo;automne, que les temp\u00e9ratures vont baisser, qu&rsquo;il y aura du vent et quelques insectes, nous comptons sur  <\/span><a href=\"https:\/\/www.rabitaagrotextil.com\/agricultura\/\"><br \/>\n  <span style=\"font-weight: 400;\">pare-vent<\/span><br \/>\n<\/a><span style=\"font-weight: 400;\">, <\/span><a href=\"https:\/\/www.rabitaagrotextil.com\/agricultura\/\"><br \/>\n  <span style=\"font-weight: 400;\">filets anti-gr\u00eale<\/span><br \/>\n<\/a><span style=\"font-weight: 400;\"> y <\/span><a href=\"https:\/\/www.rabitaagrotextil.com\/agricultura\/\"><br \/>\n  <span style=\"font-weight: 400;\">filets anti-insectes<\/span><br \/>\n<\/a><span style=\"font-weight: 400;\">pour le prot\u00e9ger de tout ce qui pourrait endommager notre potager \u00e0 la maison. <\/span> <\/li>\n<\/ul>\n<h2><b>Que cultiver en automne dans votre jardin ?<\/b><\/h2>\n<p><span style=\"font-weight: 400;\">Dans notre dernier article, nous avons expliqu\u00e9 <\/span><a href=\"https:\/\/www.rabitaagrotextil.com\/como-preparar-el-huerto-en-otono\/\"><br \/>\n  <span style=\"font-weight: 400;\">comment pr\u00e9parer le jardin en automne<\/span><br \/>\n<\/a><span style=\"font-weight: 400;\">. Nous vous recommandons de jeter un coup d&rsquo;\u0153il pour voir quels sont les l\u00e9gumes qui poussent bien dans les climats frais. L&rsquo;important est de les associer \u00e0 des plantes aromatiques et \u00e0 des fleurs, car elles attireront les insectes qui aideront \u00e0 lutter contre les parasites.<\/span><\/p>\n<p><span style=\"font-weight: 400;\">Il est temps de commencer ! Comme nous l&rsquo;avons d\u00e9j\u00e0 mentionn\u00e9, le fait d&rsquo;avoir un jardin potager \u00e0 la maison vous permettra de manger de mani\u00e8re saine et \u00e9cologique, mais mettre sur la table les aliments que vous avez r\u00e9colt\u00e9s vous apportera \u00e9galement une grande satisfaction. Chez R\u00e1bita, nous sommes tr\u00e8s attach\u00e9s \u00e0 l&rsquo;environnement et nous serons heureux de vous aider \u00e0 r\u00e9pondre \u00e0 vos besoins ou \u00e0 vos pr\u00e9occupations afin de promouvoir une consommation plus verte et plus durable.  <\/span><\/p>\n","protected":false},"excerpt":{"rendered":"<p>On sait depuis toujours que les aliments non transform\u00e9s et provenant directement du champ sont beaucoup plus sains pour nous que les aliments contenant des produits chimiques et fabriqu\u00e9s on ne sait o\u00f9. Mais depuis que la durabilit\u00e9 est devenue une tendance et que des termes tels que l&rsquo;alimentation KM0 ou l&rsquo;alimentation de proximit\u00e9 sont [&hellip;]<\/p>\n","protected":false},"author":1,"featured_media":6293,"comment_status":"open","ping_status":"open","sticky":false,"template":"","format":"standard","meta":{"_et_pb_use_builder":"","_et_pb_old_content":"","_et_gb_content_width":"","_monsterinsights_skip_tracking":false,"_monsterinsights_sitenote_active":false,"_monsterinsights_sitenote_note":"","_monsterinsights_sitenote_category":0,"footnotes":""},"categories":[64],"tags":[],"class_list":["post-6382","post","type-post","status-publish","format-standard","has-post-thumbnail","hentry","category-articles-techniques"],"yoast_head":"<!-- This site is optimized with the Yoast SEO plugin v26.1.1 - https:\/\/yoast.com\/wordpress\/plugins\/seo\/ -->\n<title>Comment planter un potager \u00e0 la maison en automne ?<\/title>\n<meta name=\"description\" content=\"La durabilit\u00e9 est r\u00e9cemment devenue une tendance et des termes tels que l&#039;alimentation KM0 ou l&#039;alimentation de proximit\u00e9 sont d\u00e9sormais connus, ce qui explique l&#039;essor du potager \u00e0 domicile. Savez-vous comment planter un potager \u00e0 la maison en automne ?\" \/>\n<meta name=\"robots\" content=\"index, follow, max-snippet:-1, max-image-preview:large, max-video-preview:-1\" \/>\n<link rel=\"canonical\" href=\"https:\/\/www.rabitaagrotextil.com\/fr\/comment-planter-un-potager-a-la-maison-en-automne\/\" \/>\n<meta property=\"og:locale\" content=\"fr_FR\" \/>\n<meta property=\"og:type\" content=\"article\" \/>\n<meta property=\"og:title\" content=\"Comment planter un potager \u00e0 la maison en automne ?\" \/>\n<meta property=\"og:description\" content=\"La durabilit\u00e9 est r\u00e9cemment devenue une tendance et des termes tels que l&#039;alimentation KM0 ou l&#039;alimentation de proximit\u00e9 sont d\u00e9sormais connus, ce qui explique l&#039;essor du potager \u00e0 domicile. Savez-vous comment planter un potager \u00e0 la maison en automne ?\" \/>\n<meta property=\"og:url\" content=\"https:\/\/www.rabitaagrotextil.com\/fr\/comment-planter-un-potager-a-la-maison-en-automne\/\" \/>\n<meta property=\"og:site_name\" content=\"R\u00e1bita Agrotextil\" \/>\n<meta property=\"article:publisher\" content=\"https:\/\/www.facebook.com\/rabitaagrotextil\/\" \/>\n<meta property=\"article:published_time\" content=\"2023-03-29T09:09:53+00:00\" \/>\n<meta property=\"og:image\" content=\"https:\/\/www.rabitaagrotextil.com\/wp-content\/uploads\/2022\/10\/Rabita_Octubre_todas_1310_bannerblog.jpeg\" \/>\n\t<meta property=\"og:image:width\" content=\"1081\" \/>\n\t<meta property=\"og:image:height\" content=\"301\" \/>\n\t<meta property=\"og:image:type\" content=\"image\/jpeg\" \/>\n<meta name=\"author\" content=\"jesus\" \/>\n<meta name=\"twitter:card\" content=\"summary_large_image\" \/>\n<meta name=\"twitter:label1\" content=\"\u00c9crit par\" \/>\n\t<meta name=\"twitter:data1\" content=\"jesus\" \/>\n\t<meta name=\"twitter:label2\" content=\"Dur\u00e9e de lecture estim\u00e9e\" \/>\n\t<meta name=\"twitter:data2\" content=\"3 minutes\" \/>\n<script type=\"application\/ld+json\" class=\"yoast-schema-graph\">{\"@context\":\"https:\/\/schema.org\",\"@graph\":[{\"@type\":\"WebPage\",\"@id\":\"https:\/\/www.rabitaagrotextil.com\/fr\/comment-planter-un-potager-a-la-maison-en-automne\/\",\"url\":\"https:\/\/www.rabitaagrotextil.com\/fr\/comment-planter-un-potager-a-la-maison-en-automne\/\",\"name\":\"Comment planter un potager \u00e0 la maison en automne ?\",\"isPartOf\":{\"@id\":\"https:\/\/www.rabitaagrotextil.com\/#website\"},\"primaryImageOfPage\":{\"@id\":\"https:\/\/www.rabitaagrotextil.com\/fr\/comment-planter-un-potager-a-la-maison-en-automne\/#primaryimage\"},\"image\":{\"@id\":\"https:\/\/www.rabitaagrotextil.com\/fr\/comment-planter-un-potager-a-la-maison-en-automne\/#primaryimage\"},\"thumbnailUrl\":\"https:\/\/www.rabitaagrotextil.com\/wp-content\/uploads\/2022\/10\/Rabita_Octubre_todas_1310_bannerblog.jpeg\",\"datePublished\":\"2023-03-29T09:09:53+00:00\",\"author\":{\"@id\":\"https:\/\/www.rabitaagrotextil.com\/#\/schema\/person\/14c802c82af62507a10ca61ed9a206c1\"},\"description\":\"La durabilit\u00e9 est r\u00e9cemment devenue une tendance et des termes tels que l'alimentation KM0 ou l'alimentation de proximit\u00e9 sont d\u00e9sormais connus, ce qui explique l'essor du potager \u00e0 domicile. Savez-vous comment planter un potager \u00e0 la maison en automne ?\",\"breadcrumb\":{\"@id\":\"https:\/\/www.rabitaagrotextil.com\/fr\/comment-planter-un-potager-a-la-maison-en-automne\/#breadcrumb\"},\"inLanguage\":\"fr-FR\",\"potentialAction\":[{\"@type\":\"ReadAction\",\"target\":[\"https:\/\/www.rabitaagrotextil.com\/fr\/comment-planter-un-potager-a-la-maison-en-automne\/\"]}]},{\"@type\":\"ImageObject\",\"inLanguage\":\"fr-FR\",\"@id\":\"https:\/\/www.rabitaagrotextil.com\/fr\/comment-planter-un-potager-a-la-maison-en-automne\/#primaryimage\",\"url\":\"https:\/\/www.rabitaagrotextil.com\/wp-content\/uploads\/2022\/10\/Rabita_Octubre_todas_1310_bannerblog.jpeg\",\"contentUrl\":\"https:\/\/www.rabitaagrotextil.com\/wp-content\/uploads\/2022\/10\/Rabita_Octubre_todas_1310_bannerblog.jpeg\",\"width\":1081,\"height\":301},{\"@type\":\"BreadcrumbList\",\"@id\":\"https:\/\/www.rabitaagrotextil.com\/fr\/comment-planter-un-potager-a-la-maison-en-automne\/#breadcrumb\",\"itemListElement\":[{\"@type\":\"ListItem\",\"position\":1,\"name\":\"Portada\",\"item\":\"https:\/\/www.rabitaagrotextil.com\/fr\/inicio\/\"},{\"@type\":\"ListItem\",\"position\":2,\"name\":\"Comment planter un potager \u00e0 la maison en automne ?\"}]},{\"@type\":\"WebSite\",\"@id\":\"https:\/\/www.rabitaagrotextil.com\/#website\",\"url\":\"https:\/\/www.rabitaagrotextil.com\/\",\"name\":\"R\u00e1bita Agrotextil\",\"description\":\"Mallas Agricultura\",\"potentialAction\":[{\"@type\":\"SearchAction\",\"target\":{\"@type\":\"EntryPoint\",\"urlTemplate\":\"https:\/\/www.rabitaagrotextil.com\/?s={search_term_string}\"},\"query-input\":{\"@type\":\"PropertyValueSpecification\",\"valueRequired\":true,\"valueName\":\"search_term_string\"}}],\"inLanguage\":\"fr-FR\"},{\"@type\":\"Person\",\"@id\":\"https:\/\/www.rabitaagrotextil.com\/#\/schema\/person\/14c802c82af62507a10ca61ed9a206c1\",\"name\":\"jesus\",\"image\":{\"@type\":\"ImageObject\",\"inLanguage\":\"fr-FR\",\"@id\":\"https:\/\/www.rabitaagrotextil.com\/#\/schema\/person\/image\/\",\"url\":\"https:\/\/secure.gravatar.com\/avatar\/c8c80fe37ba0df413d4719349ba8f083977e3ed62deb8cfcc54f2b2f094f3b80?s=96&d=mm&r=g\",\"contentUrl\":\"https:\/\/secure.gravatar.com\/avatar\/c8c80fe37ba0df413d4719349ba8f083977e3ed62deb8cfcc54f2b2f094f3b80?s=96&d=mm&r=g\",\"caption\":\"jesus\"}}]}<\/script>\n<!-- \/ Yoast SEO plugin. -->","yoast_head_json":{"title":"Comment planter un potager \u00e0 la maison en automne ?","description":"La durabilit\u00e9 est r\u00e9cemment devenue une tendance et des termes tels que l'alimentation KM0 ou l'alimentation de proximit\u00e9 sont d\u00e9sormais connus, ce qui explique l'essor du potager \u00e0 domicile. Savez-vous comment planter un potager \u00e0 la maison en automne ?","robots":{"index":"index","follow":"follow","max-snippet":"max-snippet:-1","max-image-preview":"max-image-preview:large","max-video-preview":"max-video-preview:-1"},"canonical":"https:\/\/www.rabitaagrotextil.com\/fr\/comment-planter-un-potager-a-la-maison-en-automne\/","og_locale":"fr_FR","og_type":"article","og_title":"Comment planter un potager \u00e0 la maison en automne ?","og_description":"La durabilit\u00e9 est r\u00e9cemment devenue une tendance et des termes tels que l'alimentation KM0 ou l'alimentation de proximit\u00e9 sont d\u00e9sormais connus, ce qui explique l'essor du potager \u00e0 domicile. Savez-vous comment planter un potager \u00e0 la maison en automne ?","og_url":"https:\/\/www.rabitaagrotextil.com\/fr\/comment-planter-un-potager-a-la-maison-en-automne\/","og_site_name":"R\u00e1bita Agrotextil","article_publisher":"https:\/\/www.facebook.com\/rabitaagrotextil\/","article_published_time":"2023-03-29T09:09:53+00:00","og_image":[{"width":1081,"height":301,"url":"https:\/\/www.rabitaagrotextil.com\/wp-content\/uploads\/2022\/10\/Rabita_Octubre_todas_1310_bannerblog.jpeg","type":"image\/jpeg"}],"author":"jesus","twitter_card":"summary_large_image","twitter_misc":{"\u00c9crit par":"jesus","Dur\u00e9e de lecture estim\u00e9e":"3 minutes"},"schema":{"@context":"https:\/\/schema.org","@graph":[{"@type":"WebPage","@id":"https:\/\/www.rabitaagrotextil.com\/fr\/comment-planter-un-potager-a-la-maison-en-automne\/","url":"https:\/\/www.rabitaagrotextil.com\/fr\/comment-planter-un-potager-a-la-maison-en-automne\/","name":"Comment planter un potager \u00e0 la maison en automne ?","isPartOf":{"@id":"https:\/\/www.rabitaagrotextil.com\/#website"},"primaryImageOfPage":{"@id":"https:\/\/www.rabitaagrotextil.com\/fr\/comment-planter-un-potager-a-la-maison-en-automne\/#primaryimage"},"image":{"@id":"https:\/\/www.rabitaagrotextil.com\/fr\/comment-planter-un-potager-a-la-maison-en-automne\/#primaryimage"},"thumbnailUrl":"https:\/\/www.rabitaagrotextil.com\/wp-content\/uploads\/2022\/10\/Rabita_Octubre_todas_1310_bannerblog.jpeg","datePublished":"2023-03-29T09:09:53+00:00","author":{"@id":"https:\/\/www.rabitaagrotextil.com\/#\/schema\/person\/14c802c82af62507a10ca61ed9a206c1"},"description":"La durabilit\u00e9 est r\u00e9cemment devenue une tendance et des termes tels que l'alimentation KM0 ou l'alimentation de proximit\u00e9 sont d\u00e9sormais connus, ce qui explique l'essor du potager \u00e0 domicile. Savez-vous comment planter un potager \u00e0 la maison en automne ?","breadcrumb":{"@id":"https:\/\/www.rabitaagrotextil.com\/fr\/comment-planter-un-potager-a-la-maison-en-automne\/#breadcrumb"},"inLanguage":"fr-FR","potentialAction":[{"@type":"ReadAction","target":["https:\/\/www.rabitaagrotextil.com\/fr\/comment-planter-un-potager-a-la-maison-en-automne\/"]}]},{"@type":"ImageObject","inLanguage":"fr-FR","@id":"https:\/\/www.rabitaagrotextil.com\/fr\/comment-planter-un-potager-a-la-maison-en-automne\/#primaryimage","url":"https:\/\/www.rabitaagrotextil.com\/wp-content\/uploads\/2022\/10\/Rabita_Octubre_todas_1310_bannerblog.jpeg","contentUrl":"https:\/\/www.rabitaagrotextil.com\/wp-content\/uploads\/2022\/10\/Rabita_Octubre_todas_1310_bannerblog.jpeg","width":1081,"height":301},{"@type":"BreadcrumbList","@id":"https:\/\/www.rabitaagrotextil.com\/fr\/comment-planter-un-potager-a-la-maison-en-automne\/#breadcrumb","itemListElement":[{"@type":"ListItem","position":1,"name":"Portada","item":"https:\/\/www.rabitaagrotextil.com\/fr\/inicio\/"},{"@type":"ListItem","position":2,"name":"Comment planter un potager \u00e0 la maison en automne ?"}]},{"@type":"WebSite","@id":"https:\/\/www.rabitaagrotextil.com\/#website","url":"https:\/\/www.rabitaagrotextil.com\/","name":"R\u00e1bita Agrotextil","description":"Mallas Agricultura","potentialAction":[{"@type":"SearchAction","target":{"@type":"EntryPoint","urlTemplate":"https:\/\/www.rabitaagrotextil.com\/?s={search_term_string}"},"query-input":{"@type":"PropertyValueSpecification","valueRequired":true,"valueName":"search_term_string"}}],"inLanguage":"fr-FR"},{"@type":"Person","@id":"https:\/\/www.rabitaagrotextil.com\/#\/schema\/person\/14c802c82af62507a10ca61ed9a206c1","name":"jesus","image":{"@type":"ImageObject","inLanguage":"fr-FR","@id":"https:\/\/www.rabitaagrotextil.com\/#\/schema\/person\/image\/","url":"https:\/\/secure.gravatar.com\/avatar\/c8c80fe37ba0df413d4719349ba8f083977e3ed62deb8cfcc54f2b2f094f3b80?s=96&d=mm&r=g","contentUrl":"https:\/\/secure.gravatar.com\/avatar\/c8c80fe37ba0df413d4719349ba8f083977e3ed62deb8cfcc54f2b2f094f3b80?s=96&d=mm&r=g","caption":"jesus"}}]}},"_links":{"self":[{"href":"https:\/\/www.rabitaagrotextil.com\/fr\/wp-json\/wp\/v2\/posts\/6382","targetHints":{"allow":["GET"]}}],"collection":[{"href":"https:\/\/www.rabitaagrotextil.com\/fr\/wp-json\/wp\/v2\/posts"}],"about":[{"href":"https:\/\/www.rabitaagrotextil.com\/fr\/wp-json\/wp\/v2\/types\/post"}],"author":[{"embeddable":true,"href":"https:\/\/www.rabitaagrotextil.com\/fr\/wp-json\/wp\/v2\/users\/1"}],"replies":[{"embeddable":true,"href":"https:\/\/www.rabitaagrotextil.com\/fr\/wp-json\/wp\/v2\/comments?post=6382"}],"version-history":[{"count":0,"href":"https:\/\/www.rabitaagrotextil.com\/fr\/wp-json\/wp\/v2\/posts\/6382\/revisions"}],"wp:featuredmedia":[{"embeddable":true,"href":"https:\/\/www.rabitaagrotextil.com\/fr\/wp-json\/wp\/v2\/media\/6293"}],"wp:attachment":[{"href":"https:\/\/www.rabitaagrotextil.com\/fr\/wp-json\/wp\/v2\/media?parent=6382"}],"wp:term":[{"taxonomy":"category","embeddable":true,"href":"https:\/\/www.rabitaagrotextil.com\/fr\/wp-json\/wp\/v2\/categories?post=6382"},{"taxonomy":"post_tag","embeddable":true,"href":"https:\/\/www.rabitaagrotextil.com\/fr\/wp-json\/wp\/v2\/tags?post=6382"}],"curies":[{"name":"wp","href":"https:\/\/api.w.org\/{rel}","templated":true}]}}